{"id":129,"date":"2018-03-06T16:52:29","date_gmt":"2018-03-06T16:52:29","guid":{"rendered":"http:\/\/sipuebla.com\/blog\/?p=129"},"modified":"2019-08-06T16:53:07","modified_gmt":"2019-08-06T16:53:07","slug":"palacio-de-bellas-artes","status":"publish","type":"post","link":"https:\/\/sipuebla.com\/blog\/palacio-de-bellas-artes\/","title":{"rendered":"Palacio de Bellas Artes"},"content":{"rendered":"\n<p>El Palacio de Bellas Artes comenz\u00f3 a construirse el 2 de agosto de 1904 con el objeto de&nbsp;reemplazar&nbsp;al&nbsp;demolido&nbsp;Teatro Nacional de M\u00e9xico. El proyecto estuvo a cargo del arquitecto italiano Adamo Boari, quien dise\u00f1\u00f3 un edificio ecl\u00e9ctico mezclando los estilos Art nouveau y Art dec\u00f3. En su construcci\u00f3n se emplearon m\u00e1rmol blanco de Carrara en la fachada y m\u00e1rmoles de diversos tonos en el interior. Adem\u00e1s,&nbsp;posee&nbsp;obras de muralistas mexicanos como David Alfaro Siqueiros, Diego Rivera, Jos\u00e9 Clemente Orozco. etc.<\/p>\n\n\n\n<p>La altura del edificio es de 53 metros hasta el espiral y 42,5 m hasta el techo. Cuenta con 4&nbsp;pisos&nbsp;y un&nbsp;estacionamientosubterr\u00e1neo. Adem\u00e1s de la sala principal, hay otros espacios como la Sala Manuel M. Ponce, la Sala Adamo Boari, una cafeter\u00eda, una&nbsp;librer\u00eda&nbsp;y salas de exposiciones tanto temporales como permanentes.<\/p>\n\n\n\n<p>El edificio deb\u00eda ocupar el \u00e1rea comprendida entre las calles La Mariscala, Puente de San Francisco, Santa Isabel y Mirador de la Alameda. Sin embargo, debido a problemas t\u00e9cnicos de&nbsp;hundimiento&nbsp;del&nbsp;suelo, problemas econ\u00f3micos, la salida de Boari del pa\u00eds y la Revoluci\u00f3n mexicana, la construcci\u00f3n se&nbsp;suspendi\u00f3&nbsp;y se&nbsp;reanud\u00f3&nbsp;varias veces durante treinta a\u00f1os, en vez de terminarse en los cuatro a\u00f1os originalmente programados.<\/p>\n\n\n\n<p>El Palacio est\u00e1&nbsp;asentado&nbsp;sobre una peculiar&nbsp;arcilla&nbsp;llamada montmorillonita y esto provoca un continuo hundimiento del Palacio. El hundimiento del suelo comenz\u00f3 a manifestarse en 1907 y para 1921 ya se hab\u00eda hundido m\u00e1s de 1.80 metros. Hasta la fecha se puede apreciar este fen\u00f3meno, pues el Palacio se encuentra varios metros por debajo del nivel de la calle. Con el estallido de la Revoluci\u00f3n Mexicana en 1910, el ritmo de la obra fue perdiendo velocidad hasta que finalmente se suspendi\u00f3 en 1916, Boari abandon\u00f3 M\u00e9xico y dej\u00f3 en el pa\u00eds m\u00e1s de cuatro mil documentos para la continuaci\u00f3n del proyecto. La obra se intent\u00f3&nbsp;retomar&nbsp;entre 1919 y 1928, con pocos avances.<\/p>\n\n\n\n<p>Cuando M\u00e9xico recuper\u00f3 la estabilidad en t\u00e9rminos econ\u00f3micos y sociales, la obra se reanud\u00f3 en 1931 bajo el mando del arquitecto Federico Mariscal; para entonces tom\u00f3 el nombre de Palacio de Bellas Artes, y fue inaugurado oficialmente el 29 de septiembre de 1934, por el entonces presidente Abelardo L. Rodr\u00edguez, con la obra teatral La Verdad Sospechosa, de Juan Ruiz de Alarc\u00f3n, interpretada por la&nbsp;eximia&nbsp;actriz mexicana Mar\u00eda Tereza Montoya.<\/p>\n\n\n\n<p>El Palacio de Bellas Artes se inaugur\u00f3 la noche del 29 de septiembre de 1934 con una gran funci\u00f3n de gala, aunque ya antes se hab\u00edan realizado conciertos en el edificio a\u00fan no concluido. El primer director de orquesta que dirigi\u00f3 un concierto en el Palacio de Bellas Artes fue Jos\u00e9 F. V\u00e1zquez.<\/p>\n\n\n\n<p>La construcci\u00f3n de este gran edificio&nbsp;propici\u00f3&nbsp;la fundaci\u00f3n, en 1946, del Instituto Nacional de Bellas Artes (INBA por sus iniciales) por parte del gobierno de M\u00e9xico. Inici\u00f3 operaciones como instituto gubernamental con su&nbsp;propia ley&nbsp;org\u00e1nica el 1 de enero de 1947, como un instituto dedicado a las artes del siglo XX en M\u00e9xico.<\/p>\n\n\n\n<p>El instituto incluye: teatros, oficinas, escuelas de iniciaci\u00f3n art\u00edstica, centros de educaci\u00f3n art\u00edstica, escuelas de teatro, escuelas de, escuelas de danza, escuelas de dise\u00f1o, escuelas de pintura y artes pl\u00e1sticas, galer\u00edas y centros culturales.<\/p>\n","protected":false},"excerpt":{"rendered":"<p>El Palacio de Bellas Artes comenz\u00f3 a construirse el 2 de agosto de 1904 con el objeto de&nbsp;reemplazar&nbsp;al&nbsp;demolido&nbsp;Teatro Nacional de M\u00e9xico. El proyecto estuvo a cargo del arquitecto italiano Adamo Boari, quien dise\u00f1\u00f3 un edificio ecl\u00e9ctico mezclando los estilos Art nouveau y Art dec\u00f3. En su construcci\u00f3n se emplearon m\u00e1rmol blanco de Carrara en la &hellip; <\/p>\n","protected":false},"author":1,"featured_media":130,"comment_status":"closed","ping_status":"closed","sticky":false,"template":"","format":"standard","meta":{"footnotes":""},"categories":[1],"tags":[],"class_list":["post-129","post","type-post","status-publish","format-standard","has-post-thumbnail","hentry","category-uncategorized"],"_links":{"self":[{"href":"https:\/\/sipuebla.com\/blog\/wp-json\/wp\/v2\/posts\/129","targetHints":{"allow":["GET"]}}],"collection":[{"href":"https:\/\/sipuebla.com\/blog\/wp-json\/wp\/v2\/posts"}],"about":[{"href":"https:\/\/sipuebla.com\/blog\/wp-json\/wp\/v2\/types\/post"}],"author":[{"embeddable":true,"href":"https:\/\/sipuebla.com\/blog\/wp-json\/wp\/v2\/users\/1"}],"replies":[{"embeddable":true,"href":"https:\/\/sipuebla.com\/blog\/wp-json\/wp\/v2\/comments?post=129"}],"version-history":[{"count":1,"href":"https:\/\/sipuebla.com\/blog\/wp-json\/wp\/v2\/posts\/129\/revisions"}],"predecessor-version":[{"id":131,"href":"https:\/\/sipuebla.com\/blog\/wp-json\/wp\/v2\/posts\/129\/revisions\/131"}],"wp:featuredmedia":[{"embeddable":true,"href":"https:\/\/sipuebla.com\/blog\/wp-json\/wp\/v2\/media\/130"}],"wp:attachment":[{"href":"https:\/\/sipuebla.com\/blog\/wp-json\/wp\/v2\/media?parent=129"}],"wp:term":[{"taxonomy":"category","embeddable":true,"href":"https:\/\/sipuebla.com\/blog\/wp-json\/wp\/v2\/categories?post=129"},{"taxonomy":"post_tag","embeddable":true,"href":"https:\/\/sipuebla.com\/blog\/wp-json\/wp\/v2\/tags?post=129"}],"curies":[{"name":"wp","href":"https:\/\/api.w.org\/{rel}","templated":true}]}}